{"id":1789,"date":"2026-04-09T18:23:38","date_gmt":"2026-04-09T16:23:38","guid":{"rendered":"https:\/\/qualiahabitat.es\/?p=1789"},"modified":"2026-04-09T18:23:39","modified_gmt":"2026-04-09T16:23:39","slug":"cameres-de-seguretat-i-privadesa-punts-clau","status":"publish","type":"post","link":"https:\/\/qualiahabitat.es\/ca\/cameres-de-seguretat-i-privadesa-punts-clau\/","title":{"rendered":"C\u00e0meres de seguretat i privadesa: punts clau"},"content":{"rendered":"\n<p>La instal\u00b7laci\u00f3 de c\u00e0meres de seguretat a casa \u00e9s una decisi\u00f3 que combina protecci\u00f3, comoditat i responsabilitat. A <strong>Qualia Habitat<\/strong>, recomanem analitzar detingudament els punts clau relacionats amb la seguretat i la privadesa abans d&#8217;implementar qualsevol sistema de videovigil\u00e0ncia.<\/p>\n\n<p>Un dels aspectes m\u00e9s importants \u00e9s la prevenci\u00f3. Les c\u00e0meres visibles dissuadeixen possibles intrusos i redueixen la probabilitat de robatoris, vandalisme o intrusions. A m\u00e9s, els sistemes moderns permeten supervisar l&#8217;habitatge en temps real des de dispositius m\u00f2bils, oferint tranquil\u00b7litat fins i tot quan els propietaris no s\u00f3n a casa.<\/p>\n\n<p>Un altre punt a considerar \u00e9s la recopilaci\u00f3 de proves. Els enregistraments poden ser determinants en cas d&#8217;incidents, facilitant la resoluci\u00f3 de conflictes i col\u00b7laborant amb les autoritats. Alguns sistemes tamb\u00e9 integren alertes autom\u00e0tiques, control de lliuraments i supervisi\u00f3 de mascotes, augmentant la utilitat m\u00e9s enll\u00e0 de la simple seguretat.<\/p>\n\n<p>No obstant aix\u00f2, la privadesa \u00e9s un aspecte cr\u00edtic que no s&#8217;ha de subestimar. Col\u00b7locar c\u00e0meres sense un pla estrat\u00e8gic pot envair espais personals i generar incomoditat a casa. Les solucions actuals permeten definir zones d&#8217;enregistrament i limitar el monitoratge d&#8217;\u00e0rees privades, equilibrant la seguretat amb el respecte a la intimitat de la fam\u00edlia.<\/p>\n\n<p>A m\u00e9s, cal tenir en compte costos i manteniment. L&#8217;adquisici\u00f3 d&#8217;equips de qualitat, la instal\u00b7laci\u00f3 professional i les revisions peri\u00f2diques s\u00f3n necess\u00e0ries per garantir-ne un funcionament \u00f2ptim. Les c\u00e0meres connectades a internet tamb\u00e9 requereixen mesures de seguretat digital, com ara contrasenyes fortes i xifrat, per evitar accessos no autoritzats.<\/p>\n\n<p>Instal\u00b7lar c\u00e0meres de seguretat pot oferir protecci\u00f3, control i comoditat, per\u00f2 sempre cal considerar la privadesa, els costos i la seguretat digital. Avaluar aquests punts clau permet als propietaris prendre decisions conscients i aconseguir una llar segura sense comprometre la intimitat dels qui l&#8217;habiten.<\/p>\n","protected":false},"excerpt":{"rendered":"<p>La instal\u00b7laci\u00f3 de c\u00e0meres de seguretat a casa \u00e9s una decisi\u00f3 que combina protecci\u00f3, comoditat i responsabilitat. A Qualia Habitat, recomanem analitzar detingudament els punts clau relacionats amb la seguretat i la privadesa abans d&#8217;implementar qualsevol sistema de videovigil\u00e0ncia. Un dels aspectes m\u00e9s importants \u00e9s la prevenci\u00f3. Les c\u00e0meres visibles dissuadeixen possibles intrusos i redueixen [&hellip;]<\/p>\n","protected":false},"author":2,"featured_media":1787,"comment_status":"closed","ping_status":"closed","sticky":false,"template":"","format":"standard","meta":{"inline_featured_image":false,"footnotes":""},"categories":[22],"tags":[],"class_list":["post-1789","post","type-post","status-publish","format-standard","has-post-thumbnail","hentry","category-blog-ca"],"yoast_head":"<!-- This site is optimized with the Yoast SEO plugin v25.3.1 - https:\/\/yoast.com\/wordpress\/plugins\/seo\/ -->\n<title>C\u00e0meres de seguretat i privadesa: punts clau - Qualiahabitat<\/title>\n<meta name=\"robots\" content=\"index, follow, max-snippet:-1, max-image-preview:large, max-video-preview:-1\" \/>\n<link rel=\"canonical\" href=\"https:\/\/qualiahabitat.es\/ca\/cameres-de-seguretat-i-privadesa-punts-clau\/\" \/>\n<meta property=\"og:locale\" content=\"ca_ES\" \/>\n<meta property=\"og:type\" content=\"article\" \/>\n<meta property=\"og:title\" content=\"C\u00e0meres de seguretat i privadesa: punts clau - Qualiahabitat\" \/>\n<meta property=\"og:description\" content=\"La instal\u00b7laci\u00f3 de c\u00e0meres de seguretat a casa \u00e9s una decisi\u00f3 que combina protecci\u00f3, comoditat i responsabilitat. A Qualia Habitat, recomanem analitzar detingudament els punts clau relacionats amb la seguretat i la privadesa abans d&#8217;implementar qualsevol sistema de videovigil\u00e0ncia. Un dels aspectes m\u00e9s importants \u00e9s la prevenci\u00f3. Les c\u00e0meres visibles dissuadeixen possibles intrusos i redueixen [&hellip;]\" \/>\n<meta property=\"og:url\" content=\"https:\/\/qualiahabitat.es\/ca\/cameres-de-seguretat-i-privadesa-punts-clau\/\" \/>\n<meta property=\"og:site_name\" content=\"Qualiahabitat\" \/>\n<meta property=\"article:published_time\" content=\"2026-04-09T16:23:38+00:00\" \/>\n<meta property=\"article:modified_time\" content=\"2026-04-09T16:23:39+00:00\" \/>\n<meta property=\"og:image\" content=\"https:\/\/qualiahabitat.es\/wp-content\/uploads\/2026\/04\/QH2.jpg\" \/>\n\t<meta property=\"og:image:width\" content=\"724\" \/>\n\t<meta property=\"og:image:height\" content=\"483\" \/>\n\t<meta property=\"og:image:type\" content=\"image\/jpeg\" \/>\n<meta name=\"author\" content=\"Qualiahabitat\" \/>\n<meta name=\"twitter:card\" content=\"summary_large_image\" \/>\n<meta name=\"twitter:label1\" content=\"Escrit per\" \/>\n\t<meta name=\"twitter:data1\" content=\"Qualiahabitat\" \/>\n\t<meta name=\"twitter:label2\" content=\"Temps estimat de lectura\" \/>\n\t<meta name=\"twitter:data2\" content=\"2 minuts\" \/>\n<script type=\"application\/ld+json\" class=\"yoast-schema-graph\">{\"@context\":\"https:\/\/schema.org\",\"@graph\":[{\"@type\":\"Article\",\"@id\":\"https:\/\/qualiahabitat.es\/ca\/cameres-de-seguretat-i-privadesa-punts-clau\/#article\",\"isPartOf\":{\"@id\":\"https:\/\/qualiahabitat.es\/ca\/cameres-de-seguretat-i-privadesa-punts-clau\/\"},\"author\":{\"name\":\"Qualiahabitat\",\"@id\":\"https:\/\/qualiahabitat.es\/#\/schema\/person\/b150be0e81c158f802d16a982dfea795\"},\"headline\":\"C\u00e0meres de seguretat i privadesa: punts clau\",\"datePublished\":\"2026-04-09T16:23:38+00:00\",\"dateModified\":\"2026-04-09T16:23:39+00:00\",\"mainEntityOfPage\":{\"@id\":\"https:\/\/qualiahabitat.es\/ca\/cameres-de-seguretat-i-privadesa-punts-clau\/\"},\"wordCount\":328,\"publisher\":{\"@id\":\"https:\/\/qualiahabitat.es\/#organization\"},\"image\":{\"@id\":\"https:\/\/qualiahabitat.es\/ca\/cameres-de-seguretat-i-privadesa-punts-clau\/#primaryimage\"},\"thumbnailUrl\":\"https:\/\/qualiahabitat.es\/wp-content\/uploads\/2026\/04\/QH2.jpg\",\"articleSection\":[\"Blog\"],\"inLanguage\":\"ca\"},{\"@type\":\"WebPage\",\"@id\":\"https:\/\/qualiahabitat.es\/ca\/cameres-de-seguretat-i-privadesa-punts-clau\/\",\"url\":\"https:\/\/qualiahabitat.es\/ca\/cameres-de-seguretat-i-privadesa-punts-clau\/\",\"name\":\"C\u00e0meres de seguretat i privadesa: punts clau - Qualiahabitat\",\"isPartOf\":{\"@id\":\"https:\/\/qualiahabitat.es\/#website\"},\"primaryImageOfPage\":{\"@id\":\"https:\/\/qualiahabitat.es\/ca\/cameres-de-seguretat-i-privadesa-punts-clau\/#primaryimage\"},\"image\":{\"@id\":\"https:\/\/qualiahabitat.es\/ca\/cameres-de-seguretat-i-privadesa-punts-clau\/#primaryimage\"},\"thumbnailUrl\":\"https:\/\/qualiahabitat.es\/wp-content\/uploads\/2026\/04\/QH2.jpg\",\"datePublished\":\"2026-04-09T16:23:38+00:00\",\"dateModified\":\"2026-04-09T16:23:39+00:00\",\"breadcrumb\":{\"@id\":\"https:\/\/qualiahabitat.es\/ca\/cameres-de-seguretat-i-privadesa-punts-clau\/#breadcrumb\"},\"inLanguage\":\"ca\",\"potentialAction\":[{\"@type\":\"ReadAction\",\"target\":[\"https:\/\/qualiahabitat.es\/ca\/cameres-de-seguretat-i-privadesa-punts-clau\/\"]}]},{\"@type\":\"ImageObject\",\"inLanguage\":\"ca\",\"@id\":\"https:\/\/qualiahabitat.es\/ca\/cameres-de-seguretat-i-privadesa-punts-clau\/#primaryimage\",\"url\":\"https:\/\/qualiahabitat.es\/wp-content\/uploads\/2026\/04\/QH2.jpg\",\"contentUrl\":\"https:\/\/qualiahabitat.es\/wp-content\/uploads\/2026\/04\/QH2.jpg\",\"width\":724,\"height\":483},{\"@type\":\"BreadcrumbList\",\"@id\":\"https:\/\/qualiahabitat.es\/ca\/cameres-de-seguretat-i-privadesa-punts-clau\/#breadcrumb\",\"itemListElement\":[{\"@type\":\"ListItem\",\"position\":1,\"name\":\"Portada\",\"item\":\"https:\/\/qualiahabitat.es\/\"},{\"@type\":\"ListItem\",\"position\":2,\"name\":\"C\u00e0meres de seguretat i privadesa: punts clau\"}]},{\"@type\":\"WebSite\",\"@id\":\"https:\/\/qualiahabitat.es\/#website\",\"url\":\"https:\/\/qualiahabitat.es\/\",\"name\":\"Qualiahabitat\",\"description\":\"\u201cLa inmobiliaria\u201d que no es una inmobiliaria\",\"publisher\":{\"@id\":\"https:\/\/qualiahabitat.es\/#organization\"},\"potentialAction\":[{\"@type\":\"SearchAction\",\"target\":{\"@type\":\"EntryPoint\",\"urlTemplate\":\"https:\/\/qualiahabitat.es\/?s={search_term_string}\"},\"query-input\":{\"@type\":\"PropertyValueSpecification\",\"valueRequired\":true,\"valueName\":\"search_term_string\"}}],\"inLanguage\":\"ca\"},{\"@type\":\"Organization\",\"@id\":\"https:\/\/qualiahabitat.es\/#organization\",\"name\":\"Qualiahabitat\",\"url\":\"https:\/\/qualiahabitat.es\/\",\"logo\":{\"@type\":\"ImageObject\",\"inLanguage\":\"ca\",\"@id\":\"https:\/\/qualiahabitat.es\/#\/schema\/logo\/image\/\",\"url\":\"https:\/\/qualiahabitat.es\/wp-content\/uploads\/2025\/06\/imagen-qualiahabitat-696.jpg\",\"contentUrl\":\"https:\/\/qualiahabitat.es\/wp-content\/uploads\/2025\/06\/imagen-qualiahabitat-696.jpg\",\"width\":696,\"height\":696,\"caption\":\"Qualiahabitat\"},\"image\":{\"@id\":\"https:\/\/qualiahabitat.es\/#\/schema\/logo\/image\/\"}},{\"@type\":\"Person\",\"@id\":\"https:\/\/qualiahabitat.es\/#\/schema\/person\/b150be0e81c158f802d16a982dfea795\",\"name\":\"Qualiahabitat\",\"image\":{\"@type\":\"ImageObject\",\"inLanguage\":\"ca\",\"@id\":\"https:\/\/qualiahabitat.es\/#\/schema\/person\/image\/\",\"url\":\"https:\/\/secure.gravatar.com\/avatar\/96a5f976bb622029eae7b1dd3186d58c506fca7d4170022bee9f6cea86cb2d77?s=96&d=mm&r=g\",\"contentUrl\":\"https:\/\/secure.gravatar.com\/avatar\/96a5f976bb622029eae7b1dd3186d58c506fca7d4170022bee9f6cea86cb2d77?s=96&d=mm&r=g\",\"caption\":\"Qualiahabitat\"}}]}<\/script>\n<!-- \/ Yoast SEO plugin. -->","yoast_head_json":{"title":"C\u00e0meres de seguretat i privadesa: punts clau - Qualiahabitat","robots":{"index":"index","follow":"follow","max-snippet":"max-snippet:-1","max-image-preview":"max-image-preview:large","max-video-preview":"max-video-preview:-1"},"canonical":"https:\/\/qualiahabitat.es\/ca\/cameres-de-seguretat-i-privadesa-punts-clau\/","og_locale":"ca_ES","og_type":"article","og_title":"C\u00e0meres de seguretat i privadesa: punts clau - Qualiahabitat","og_description":"La instal\u00b7laci\u00f3 de c\u00e0meres de seguretat a casa \u00e9s una decisi\u00f3 que combina protecci\u00f3, comoditat i responsabilitat. A Qualia Habitat, recomanem analitzar detingudament els punts clau relacionats amb la seguretat i la privadesa abans d&#8217;implementar qualsevol sistema de videovigil\u00e0ncia. Un dels aspectes m\u00e9s importants \u00e9s la prevenci\u00f3. Les c\u00e0meres visibles dissuadeixen possibles intrusos i redueixen [&hellip;]","og_url":"https:\/\/qualiahabitat.es\/ca\/cameres-de-seguretat-i-privadesa-punts-clau\/","og_site_name":"Qualiahabitat","article_published_time":"2026-04-09T16:23:38+00:00","article_modified_time":"2026-04-09T16:23:39+00:00","og_image":[{"width":724,"height":483,"url":"https:\/\/qualiahabitat.es\/wp-content\/uploads\/2026\/04\/QH2.jpg","type":"image\/jpeg"}],"author":"Qualiahabitat","twitter_card":"summary_large_image","twitter_misc":{"Escrit per":"Qualiahabitat","Temps estimat de lectura":"2 minuts"},"schema":{"@context":"https:\/\/schema.org","@graph":[{"@type":"Article","@id":"https:\/\/qualiahabitat.es\/ca\/cameres-de-seguretat-i-privadesa-punts-clau\/#article","isPartOf":{"@id":"https:\/\/qualiahabitat.es\/ca\/cameres-de-seguretat-i-privadesa-punts-clau\/"},"author":{"name":"Qualiahabitat","@id":"https:\/\/qualiahabitat.es\/#\/schema\/person\/b150be0e81c158f802d16a982dfea795"},"headline":"C\u00e0meres de seguretat i privadesa: punts clau","datePublished":"2026-04-09T16:23:38+00:00","dateModified":"2026-04-09T16:23:39+00:00","mainEntityOfPage":{"@id":"https:\/\/qualiahabitat.es\/ca\/cameres-de-seguretat-i-privadesa-punts-clau\/"},"wordCount":328,"publisher":{"@id":"https:\/\/qualiahabitat.es\/#organization"},"image":{"@id":"https:\/\/qualiahabitat.es\/ca\/cameres-de-seguretat-i-privadesa-punts-clau\/#primaryimage"},"thumbnailUrl":"https:\/\/qualiahabitat.es\/wp-content\/uploads\/2026\/04\/QH2.jpg","articleSection":["Blog"],"inLanguage":"ca"},{"@type":"WebPage","@id":"https:\/\/qualiahabitat.es\/ca\/cameres-de-seguretat-i-privadesa-punts-clau\/","url":"https:\/\/qualiahabitat.es\/ca\/cameres-de-seguretat-i-privadesa-punts-clau\/","name":"C\u00e0meres de seguretat i privadesa: punts clau - Qualiahabitat","isPartOf":{"@id":"https:\/\/qualiahabitat.es\/#website"},"primaryImageOfPage":{"@id":"https:\/\/qualiahabitat.es\/ca\/cameres-de-seguretat-i-privadesa-punts-clau\/#primaryimage"},"image":{"@id":"https:\/\/qualiahabitat.es\/ca\/cameres-de-seguretat-i-privadesa-punts-clau\/#primaryimage"},"thumbnailUrl":"https:\/\/qualiahabitat.es\/wp-content\/uploads\/2026\/04\/QH2.jpg","datePublished":"2026-04-09T16:23:38+00:00","dateModified":"2026-04-09T16:23:39+00:00","breadcrumb":{"@id":"https:\/\/qualiahabitat.es\/ca\/cameres-de-seguretat-i-privadesa-punts-clau\/#breadcrumb"},"inLanguage":"ca","potentialAction":[{"@type":"ReadAction","target":["https:\/\/qualiahabitat.es\/ca\/cameres-de-seguretat-i-privadesa-punts-clau\/"]}]},{"@type":"ImageObject","inLanguage":"ca","@id":"https:\/\/qualiahabitat.es\/ca\/cameres-de-seguretat-i-privadesa-punts-clau\/#primaryimage","url":"https:\/\/qualiahabitat.es\/wp-content\/uploads\/2026\/04\/QH2.jpg","contentUrl":"https:\/\/qualiahabitat.es\/wp-content\/uploads\/2026\/04\/QH2.jpg","width":724,"height":483},{"@type":"BreadcrumbList","@id":"https:\/\/qualiahabitat.es\/ca\/cameres-de-seguretat-i-privadesa-punts-clau\/#breadcrumb","itemListElement":[{"@type":"ListItem","position":1,"name":"Portada","item":"https:\/\/qualiahabitat.es\/"},{"@type":"ListItem","position":2,"name":"C\u00e0meres de seguretat i privadesa: punts clau"}]},{"@type":"WebSite","@id":"https:\/\/qualiahabitat.es\/#website","url":"https:\/\/qualiahabitat.es\/","name":"Qualiahabitat","description":"\u201cLa inmobiliaria\u201d que no es una inmobiliaria","publisher":{"@id":"https:\/\/qualiahabitat.es\/#organization"},"potentialAction":[{"@type":"SearchAction","target":{"@type":"EntryPoint","urlTemplate":"https:\/\/qualiahabitat.es\/?s={search_term_string}"},"query-input":{"@type":"PropertyValueSpecification","valueRequired":true,"valueName":"search_term_string"}}],"inLanguage":"ca"},{"@type":"Organization","@id":"https:\/\/qualiahabitat.es\/#organization","name":"Qualiahabitat","url":"https:\/\/qualiahabitat.es\/","logo":{"@type":"ImageObject","inLanguage":"ca","@id":"https:\/\/qualiahabitat.es\/#\/schema\/logo\/image\/","url":"https:\/\/qualiahabitat.es\/wp-content\/uploads\/2025\/06\/imagen-qualiahabitat-696.jpg","contentUrl":"https:\/\/qualiahabitat.es\/wp-content\/uploads\/2025\/06\/imagen-qualiahabitat-696.jpg","width":696,"height":696,"caption":"Qualiahabitat"},"image":{"@id":"https:\/\/qualiahabitat.es\/#\/schema\/logo\/image\/"}},{"@type":"Person","@id":"https:\/\/qualiahabitat.es\/#\/schema\/person\/b150be0e81c158f802d16a982dfea795","name":"Qualiahabitat","image":{"@type":"ImageObject","inLanguage":"ca","@id":"https:\/\/qualiahabitat.es\/#\/schema\/person\/image\/","url":"https:\/\/secure.gravatar.com\/avatar\/96a5f976bb622029eae7b1dd3186d58c506fca7d4170022bee9f6cea86cb2d77?s=96&d=mm&r=g","contentUrl":"https:\/\/secure.gravatar.com\/avatar\/96a5f976bb622029eae7b1dd3186d58c506fca7d4170022bee9f6cea86cb2d77?s=96&d=mm&r=g","caption":"Qualiahabitat"}}]}},"_links":{"self":[{"href":"https:\/\/qualiahabitat.es\/ca\/wp-json\/wp\/v2\/posts\/1789","targetHints":{"allow":["GET"]}}],"collection":[{"href":"https:\/\/qualiahabitat.es\/ca\/wp-json\/wp\/v2\/posts"}],"about":[{"href":"https:\/\/qualiahabitat.es\/ca\/wp-json\/wp\/v2\/types\/post"}],"author":[{"embeddable":true,"href":"https:\/\/qualiahabitat.es\/ca\/wp-json\/wp\/v2\/users\/2"}],"replies":[{"embeddable":true,"href":"https:\/\/qualiahabitat.es\/ca\/wp-json\/wp\/v2\/comments?post=1789"}],"version-history":[{"count":1,"href":"https:\/\/qualiahabitat.es\/ca\/wp-json\/wp\/v2\/posts\/1789\/revisions"}],"predecessor-version":[{"id":1790,"href":"https:\/\/qualiahabitat.es\/ca\/wp-json\/wp\/v2\/posts\/1789\/revisions\/1790"}],"wp:featuredmedia":[{"embeddable":true,"href":"https:\/\/qualiahabitat.es\/ca\/wp-json\/wp\/v2\/media\/1787"}],"wp:attachment":[{"href":"https:\/\/qualiahabitat.es\/ca\/wp-json\/wp\/v2\/media?parent=1789"}],"wp:term":[{"taxonomy":"category","embeddable":true,"href":"https:\/\/qualiahabitat.es\/ca\/wp-json\/wp\/v2\/categories?post=1789"},{"taxonomy":"post_tag","embeddable":true,"href":"https:\/\/qualiahabitat.es\/ca\/wp-json\/wp\/v2\/tags?post=1789"}],"curies":[{"name":"wp","href":"https:\/\/api.w.org\/{rel}","templated":true}]}}